{"id":19662,"date":"2024-01-05T12:19:15","date_gmt":"2024-01-05T15:19:15","guid":{"rendered":"https:\/\/senadorwellingtonfagundes.com.br\/senador\/?p=19662"},"modified":"2024-01-05T12:25:04","modified_gmt":"2024-01-05T15:25:04","slug":"wellington-fagundes-recusa-evento-do-governo-federal-em-alusao-ao-8-de-janeiro","status":"publish","type":"post","link":"https:\/\/senadorwellingtonfagundes.com.br\/senador\/wellington-fagundes-recusa-evento-do-governo-federal-em-alusao-ao-8-de-janeiro\/","title":{"rendered":"Wellington Fagundes recusa evento do governo federal em alus\u00e3o ao 8 de janeiro"},"content":{"rendered":"<h2><em>Fagundes e mais 29 senadores n\u00e3o apoiam evento simb\u00f3lico que vai marcar um ano dos atos em Bras\u00edlia na pr\u00f3xima segunda<\/em><\/h2>\n<p>O senador Wellington Fagundes (PL-MT), se manifestou por meio de um comunicado \u00e0 imprensa junto a 29 senadores que repudiam um evento alusivo marcado para a pr\u00f3xima segunda feira dos atos do dia 8 de janeiro do ano passado. O evento organizado pelo governo federal contar\u00e1 com a participa\u00e7\u00e3o de representantes dos Tr\u00eas Poderes, por\u00e9m o convite n\u00e3o mobilizou os signat\u00e1rios que repudiaram o ato. Na carta emitida, os parlamentares enfatizam que n\u00e3o \u00e9 preciso uma a\u00e7\u00e3o simb\u00f3lica como essa, mas sim medidas efetivas para assegurar a democracia.<\/p>\n<p>Mesmo condenando vigorosamente os atos de janeiro passado em Bras\u00edlia, o grupo de senadores apontou no comunicado v\u00e1rias falhas por parte do governo federal que n\u00e3o conteve os atos com efici\u00eancia naquele dia 8 e questionam a efic\u00e1cia das medidas tomadas.<img loading=\"lazy\" class=\"size-medium wp-image-19667 alignleft\" src=\"https:\/\/senadorwellingtonfagundes.com.br\/senador\/wp-content\/uploads\/2024\/01\/28ec37e5-60cb-4116-a9f0-b54007afc770-300x200.jpeg\" alt=\"\" width=\"300\" height=\"200\" srcset=\"https:\/\/senadorwellingtonfagundes.com.br\/senador\/wp-content\/uploads\/2024\/01\/28ec37e5-60cb-4116-a9f0-b54007afc770-300x200.jpeg 300w, https:\/\/senadorwellingtonfagundes.com.br\/senador\/wp-content\/uploads\/2024\/01\/28ec37e5-60cb-4116-a9f0-b54007afc770-360x240.jpeg 360w, https:\/\/senadorwellingtonfagundes.com.br\/senador\/wp-content\/uploads\/2024\/01\/28ec37e5-60cb-4116-a9f0-b54007afc770.jpeg 640w\" sizes=\"(max-width: 300px) 100vw, 300px\" \/><\/p>\n<p>O Senador Wellington Fagundes informou que defende a democracia e que a responsabilidade de defend\u00ea-la deve ser de todas as institui\u00e7\u00f5es.<\/p>\n<blockquote><p>\u201cNingu\u00e9m pode tirar este valor que foi t\u00e3o dif\u00edcil conquistarmos na nossa hist\u00f3ria. A democracia nos garante respeito m\u00fatuo entre os tr\u00eas poderes e cada um tem seu compromisso em manter a base para que n\u00e3o afundemos aquilo que temos de precioso no pa\u00eds\u201d, afirma Fagundes.<\/p><\/blockquote>\n<p>Fagundes diz que espera mais compromisso com a democracia brasileira e que \u00e9 contra o abuso de poder. O senador ressalta que algumas institui\u00e7\u00f5es atuaram de forma parcial, o que n\u00e3o \u00e9 permitido num pa\u00eds democr\u00e1tico. \u201cSigo convicto com os 29 parlamentares de que a lei n\u00e3o pode ser aplicada de forma seletiva, pois observamos que dois cidad\u00e3os que depredaram a Assembleia Legislativa do Estado de S\u00e3o Paulo, foram libertados no dia seguinte e v\u00e3o responder em liberdade, enquanto cidad\u00e3os que participaram dos atos em Bras\u00edlia, responderam ao processo presos (inclusive um r\u00e9u faleceu ap\u00f3s 9 meses de pris\u00e3o com parecer do MPF favor\u00e1vel a liberdade provis\u00f3ria) e v\u00eam sendo condenados a penas abusivas que variam entre 13 e 17 anos de reclus\u00e3o. Por este e outros motivos, n\u00e3o participarei do ato na pr\u00f3xima semana\u201d, ressaltou o senador.<\/p>\n<h3 class=\"p1\"><span class=\"s1\">Assinam a presente manifesta\u00e7\u00e3o p\u00fablica os seguintes senadores:<\/span><\/h3>\n<p class=\"p1\"><span class=\"s1\">1) Rog\u00e9rio Marinho (PL) \u2013 L\u00edder da Oposi\u00e7\u00e3o no Senado <\/span><\/p>\n<p class=\"p1\"><span class=\"s1\">2) Ciro Nogueira (PP) \u2013 L\u00edder da Minoria no Senado<\/span><\/p>\n<p class=\"p1\"><span class=\"s1\">3) Fl\u00e1vio Bolsonaro (PL) \u2013 L\u00edder da Minoria no Congresso<\/span><\/p>\n<p class=\"p1\"><span class=\"s1\"> 4) Carlos Portinho (PL) \u2013 L\u00edder do PL no Senado<\/span><\/p>\n<p class=\"p1\"><span class=\"s1\">5) Tereza Cristina (PP) \u2013 L\u00edder do PP no Senado<\/span><\/p>\n<p class=\"p1\"><span class=\"s1\">6) Mecias de Jesus (Republicanos) \u2013 L\u00edder do Republicanos no Senado <\/span><\/p>\n<p class=\"p1\"><span class=\"s1\">7) Izalci Lucas (PSDB) \u2013 L\u00edder do PSDB no Senado<\/span><\/p>\n<p class=\"p1\"><span class=\"s1\">8) Eduardo Gir\u00e3o (Novo) \u2013 L\u00edder do Novo no Senado<\/span><\/p>\n<p class=\"p1\"><span class=\"s1\">9) Alan Rick (Uni\u00e3o)<\/span><\/p>\n<p class=\"p1\"><span class=\"s1\">10) Cleitinho (Republicanos)<\/span><\/p>\n<p class=\"p1\"><span class=\"s1\">11) Damares Alves (Republicanos)<\/span><\/p>\n<p class=\"p1\"><span class=\"s1\">12) Dr. Hiran (PP)<\/span><\/p>\n<p class=\"p1\"><span class=\"s1\">13) Eduardo Gomes (PL)<\/span><\/p>\n<p class=\"p1\"><span class=\"s1\">14) Esperidi\u00e3o Amin (PP)<\/span><\/p>\n<p class=\"p1\"><span class=\"s1\">15) Hamilton Mour\u00e3o (Republicanos)<\/span><\/p>\n<p class=\"p1\"><span class=\"s1\">16) Jaime Bagattoli (PL)<\/span><\/p>\n<p class=\"p1\"><span class=\"s1\">17) Jayme Campos (Uni\u00e3o)<\/span><\/p>\n<p class=\"p1\"><span class=\"s1\">18) Jorge Seif (PL)<\/span><\/p>\n<p class=\"p1\"><span class=\"s1\">19) Luiz Carlos Heinze (PP)<\/span><\/p>\n<p class=\"p1\"><span class=\"s1\">20) Magno Malta (PL)<\/span><\/p>\n<p class=\"p1\"><span class=\"s1\">21) M\u00e1rcio Bittar (Uni\u00e3o)<\/span><\/p>\n<p class=\"p1\"><span class=\"s1\">22) Marcos do Val (Podemos) <\/span><\/p>\n<p class=\"p1\"><span class=\"s1\">23) Marcos Pontes (PL)<\/span><\/p>\n<p class=\"p1\"><span class=\"s1\">24) Marcos Rog\u00e9rio (PL)<\/span><\/p>\n<p class=\"p1\"><span class=\"s1\">25) Nelsinho Trad (PSD)<\/span><\/p>\n<p class=\"p1\"><span class=\"s1\">26) Pl\u00ednio Val\u00e9rio (PSDB)<\/span><\/p>\n<p class=\"p1\"><span class=\"s1\">27) S\u00e9rgio Moro (Uni\u00e3o)<\/span><\/p>\n<p class=\"p1\"><span class=\"s1\">28) Styvenson Valentim (Podemos)<\/span><\/p>\n<p class=\"p1\"><span class=\"s1\">29) Wellington Fagundes (PL)<\/span><\/p>\n<p class=\"p1\"><span class=\"s1\">30) Zequinha Marinho (Podemos)<\/span><\/p>\n<p>&nbsp;<\/p>\n<p>Foto: Ag\u00eancia Brasil<\/p>\n","protected":false},"excerpt":{"rendered":"<p>Fagundes e mais 29 senadores n\u00e3o apoiam evento simb\u00f3lico que vai marcar um ano dos atos em Bras\u00edlia na pr\u00f3xima segunda O senador Wellington Fagundes (PL-MT), se manifestou por meio de um comunicado \u00e0 imprensa&#8230;<\/p>\n","protected":false},"author":17,"featured_media":19663,"comment_status":"open","ping_status":"open","sticky":false,"template":"","format":"standard","meta":[],"categories":[319],"tags":[],"_links":{"self":[{"href":"https:\/\/senadorwellingtonfagundes.com.br\/senador\/wp-json\/wp\/v2\/posts\/19662"}],"collection":[{"href":"https:\/\/senadorwellingtonfagundes.com.br\/senador\/wp-json\/wp\/v2\/posts"}],"about":[{"href":"https:\/\/senadorwellingtonfagundes.com.br\/senador\/wp-json\/wp\/v2\/types\/post"}],"author":[{"embeddable":true,"href":"https:\/\/senadorwellingtonfagundes.com.br\/senador\/wp-json\/wp\/v2\/users\/17"}],"replies":[{"embeddable":true,"href":"https:\/\/senadorwellingtonfagundes.com.br\/senador\/wp-json\/wp\/v2\/comments?post=19662"}],"version-history":[{"count":4,"href":"https:\/\/senadorwellingtonfagundes.com.br\/senador\/wp-json\/wp\/v2\/posts\/19662\/revisions"}],"predecessor-version":[{"id":19668,"href":"https:\/\/senadorwellingtonfagundes.com.br\/senador\/wp-json\/wp\/v2\/posts\/19662\/revisions\/19668"}],"wp:featuredmedia":[{"embeddable":true,"href":"https:\/\/senadorwellingtonfagundes.com.br\/senador\/wp-json\/wp\/v2\/media\/19663"}],"wp:attachment":[{"href":"https:\/\/senadorwellingtonfagundes.com.br\/senador\/wp-json\/wp\/v2\/media?parent=19662"}],"wp:term":[{"taxonomy":"category","embeddable":true,"href":"https:\/\/senadorwellingtonfagundes.com.br\/senador\/wp-json\/wp\/v2\/categories?post=19662"},{"taxonomy":"post_tag","embeddable":true,"href":"https:\/\/senadorwellingtonfagundes.com.br\/senador\/wp-json\/wp\/v2\/tags?post=19662"}],"curies":[{"name":"wp","href":"https:\/\/api.w.org\/{rel}","templated":true}]}}