{"id":19808,"date":"2024-03-26T19:15:06","date_gmt":"2024-03-26T22:15:06","guid":{"rendered":"https:\/\/senadorwellingtonfagundes.com.br\/senador\/?p=19808"},"modified":"2024-03-27T17:48:15","modified_gmt":"2024-03-27T20:48:15","slug":"senador-wellington-fagundes-alerta-para-a-crise-hidrica-e-suas-consequencias-para-o-brasil","status":"publish","type":"post","link":"https:\/\/senadorwellingtonfagundes.com.br\/senador\/senador-wellington-fagundes-alerta-para-a-crise-hidrica-e-suas-consequencias-para-o-brasil\/","title":{"rendered":"Senador Wellington Fagundes alerta para a crise h\u00eddrica e suas consequ\u00eancias para o Brasil"},"content":{"rendered":"<p>Em discurso no Plen\u00e1rio do Senado nesta ter\u00e7a-feira (26\/03), o senador Wellington Fagundes (PL\/MT) abordou a urg\u00eancia de refletir sobre o futuro do planeta diante da crise h\u00eddrica. Ele destacou que, segundo a Ag\u00eancia Nacional de \u00c1guas e Saneamento B\u00e1sico, a disponibilidade de \u00e1gua pode diminuir at\u00e9 40% em diversas regi\u00f5es do Brasil at\u00e9 2040.<\/p>\n<p>&#8220;Faltam apenas 16 anos, o que \u00e9 pouco se considerarmos a hist\u00f3ria deste planeta. \u00c9 imperativo que tomemos medidas concretas para garantir a disponibilidade de \u00e1gua para as gera\u00e7\u00f5es futuras&#8221;, ressaltou o senador.<\/p>\n<p>Fagundes tamb\u00e9m alertou para a previs\u00e3o de uma seca hist\u00f3rica no Pantanal mato-grossense, com impactos significativos na regi\u00e3o, e ressaltou a import\u00e2ncia de a\u00e7\u00f5es conjuntas com base na ci\u00eancia, tecnologia e conhecimento emp\u00edrico, valorizando a experi\u00eancia dos moradores locais, como os ribeirinhos, quilombolas e ind\u00edgenas. &#8220;\u00c9 fundamental que ou\u00e7amos as comunidades locais, que t\u00eam um conhecimento profundo da regi\u00e3o e podem oferecer solu\u00e7\u00f5es sustent\u00e1veis para enfrentar essa crise&#8221;, destacou o senador.<\/p>\n<p>Al\u00e9m disso, o senador expressou preocupa\u00e7\u00e3o com as consequ\u00eancias do clima na agricultura, especialmente no Mato Grosso, maior produtor de soja do pa\u00eds. Ele destacou a necessidade de encontrar solu\u00e7\u00f5es para garantir a sobrevida dos produtores e a gera\u00e7\u00e3o de empregos no setor.<\/p>\n<p>O senador concluiu seu discurso enfatizando a import\u00e2ncia da uni\u00e3o de esfor\u00e7os para enfrentar os desafios ambientais e construir um futuro sustent\u00e1vel para o Brasil.<\/p>\n<blockquote><p>&#8220;Precisamos agir agora para garantir um amanh\u00e3 melhor para todos&#8221;, afirmou Fagundes.<\/p><\/blockquote>\n","protected":false},"excerpt":{"rendered":"<p>Em discurso no Plen\u00e1rio do Senado nesta ter\u00e7a-feira (26\/03), o senador Wellington Fagundes (PL\/MT) abordou a urg\u00eancia de refletir sobre o futuro do planeta diante da crise h\u00eddrica. Ele destacou que, segundo a Ag\u00eancia Nacional&#8230;<\/p>\n","protected":false},"author":27,"featured_media":19809,"comment_status":"open","ping_status":"open","sticky":false,"template":"","format":"standard","meta":[],"categories":[269,319],"tags":[],"_links":{"self":[{"href":"https:\/\/senadorwellingtonfagundes.com.br\/senador\/wp-json\/wp\/v2\/posts\/19808"}],"collection":[{"href":"https:\/\/senadorwellingtonfagundes.com.br\/senador\/wp-json\/wp\/v2\/posts"}],"about":[{"href":"https:\/\/senadorwellingtonfagundes.com.br\/senador\/wp-json\/wp\/v2\/types\/post"}],"author":[{"embeddable":true,"href":"https:\/\/senadorwellingtonfagundes.com.br\/senador\/wp-json\/wp\/v2\/users\/27"}],"replies":[{"embeddable":true,"href":"https:\/\/senadorwellingtonfagundes.com.br\/senador\/wp-json\/wp\/v2\/comments?post=19808"}],"version-history":[{"count":1,"href":"https:\/\/senadorwellingtonfagundes.com.br\/senador\/wp-json\/wp\/v2\/posts\/19808\/revisions"}],"predecessor-version":[{"id":19810,"href":"https:\/\/senadorwellingtonfagundes.com.br\/senador\/wp-json\/wp\/v2\/posts\/19808\/revisions\/19810"}],"wp:featuredmedia":[{"embeddable":true,"href":"https:\/\/senadorwellingtonfagundes.com.br\/senador\/wp-json\/wp\/v2\/media\/19809"}],"wp:attachment":[{"href":"https:\/\/senadorwellingtonfagundes.com.br\/senador\/wp-json\/wp\/v2\/media?parent=19808"}],"wp:term":[{"taxonomy":"category","embeddable":true,"href":"https:\/\/senadorwellingtonfagundes.com.br\/senador\/wp-json\/wp\/v2\/categories?post=19808"},{"taxonomy":"post_tag","embeddable":true,"href":"https:\/\/senadorwellingtonfagundes.com.br\/senador\/wp-json\/wp\/v2\/tags?post=19808"}],"curies":[{"name":"wp","href":"https:\/\/api.w.org\/{rel}","templated":true}]}}