{"id":21005,"date":"2025-06-23T14:02:58","date_gmt":"2025-06-23T17:02:58","guid":{"rendered":"https:\/\/senadorwellingtonfagundes.com.br\/senador\/?p=21005"},"modified":"2025-06-23T14:02:58","modified_gmt":"2025-06-23T17:02:58","slug":"observatorio-da-oposicao-23","status":"publish","type":"post","link":"https:\/\/senadorwellingtonfagundes.com.br\/senador\/observatorio-da-oposicao-23\/","title":{"rendered":"OBSERVAT\u00d3RIO DA OPOSI\u00c7\u00c3O"},"content":{"rendered":"<p data-start=\"138\" data-end=\"360\">O relat\u00f3rio, publicado pela lideran\u00e7a da oposi\u00e7\u00e3o no Senado, faz duras cr\u00edticas \u00e0 pol\u00edtica econ\u00f4mica do governo Lula, especialmente \u00e0 Medida Provis\u00f3ria 1303\/2025, que substitui o aumento do IOF por novas tributa\u00e7\u00f5es, como:<\/p>\n<ul data-start=\"362\" data-end=\"700\">\n<li data-start=\"362\" data-end=\"462\">\n<p data-start=\"364\" data-end=\"462\">Fim da isen\u00e7\u00e3o de IR para LCI, LCA e deb\u00eantures incentivadas (impacto direto no agro e habita\u00e7\u00e3o).<\/p>\n<\/li>\n<li data-start=\"463\" data-end=\"547\">\n<p data-start=\"465\" data-end=\"547\">Eleva\u00e7\u00e3o da CSLL de empresas, afetando servi\u00e7os e aumentando pre\u00e7os ao consumidor.<\/p>\n<\/li>\n<li data-start=\"548\" data-end=\"649\">\n<p data-start=\"550\" data-end=\"649\">Cria\u00e7\u00e3o de cargos comissionados com livre nomea\u00e7\u00e3o, levantando suspeitas de aparelhamento pol\u00edtico.<\/p>\n<\/li>\n<li data-start=\"650\" data-end=\"700\">\n<p data-start=\"652\" data-end=\"700\">Aumento da carga tribut\u00e1ria e da d\u00edvida p\u00fablica.<\/p>\n<\/li>\n<\/ul>\n<p data-start=\"702\" data-end=\"717\">Tamb\u00e9m destaca:<\/p>\n<ul data-start=\"718\" data-end=\"937\">\n<li data-start=\"718\" data-end=\"785\">\n<p data-start=\"720\" data-end=\"785\">A aprova\u00e7\u00e3o com ressalvas das contas do governo de 2024 pelo TCU.<\/p>\n<\/li>\n<li data-start=\"786\" data-end=\"937\">\n<p data-start=\"788\" data-end=\"937\">Fragilidade das provas no julgamento de Jair Bolsonaro no STF, defendendo sua inoc\u00eancia diante das acusa\u00e7\u00f5es sobre tentativa de golpe e 8 de janeiro.<\/p>\n<\/li>\n<\/ul>\n<h3 data-start=\"939\" data-end=\"1133\">\u00a0O documento acusa o governo de impor uma carga fiscal pesada ao povo enquanto favorece seus pr\u00f3prios interesses, travando o crescimento da economia e atacando setores produtivos estrat\u00e9gicos. Confira na \u00edntegra: <a href=\"https:\/\/senadorwellingtonfagundes.com.br\/senador\/wp-content\/uploads\/2025\/06\/Observatorio-da-Oposicao-92.pdf\">Observat\u00f3rio da Oposi\u00e7\u00e3o 92<\/a><\/h3>\n","protected":false},"excerpt":{"rendered":"<p>O relat\u00f3rio, publicado pela lideran\u00e7a da oposi\u00e7\u00e3o no Senado, faz duras cr\u00edticas \u00e0 pol\u00edtica econ\u00f4mica do governo Lula, especialmente \u00e0 Medida Provis\u00f3ria 1303\/2025, que substitui o aumento do IOF por novas tributa\u00e7\u00f5es, como: Fim da&#8230;<\/p>\n","protected":false},"author":27,"featured_media":21008,"comment_status":"open","ping_status":"open","sticky":false,"template":"","format":"standard","meta":[],"categories":[269],"tags":[],"_links":{"self":[{"href":"https:\/\/senadorwellingtonfagundes.com.br\/senador\/wp-json\/wp\/v2\/posts\/21005"}],"collection":[{"href":"https:\/\/senadorwellingtonfagundes.com.br\/senador\/wp-json\/wp\/v2\/posts"}],"about":[{"href":"https:\/\/senadorwellingtonfagundes.com.br\/senador\/wp-json\/wp\/v2\/types\/post"}],"author":[{"embeddable":true,"href":"https:\/\/senadorwellingtonfagundes.com.br\/senador\/wp-json\/wp\/v2\/users\/27"}],"replies":[{"embeddable":true,"href":"https:\/\/senadorwellingtonfagundes.com.br\/senador\/wp-json\/wp\/v2\/comments?post=21005"}],"version-history":[{"count":1,"href":"https:\/\/senadorwellingtonfagundes.com.br\/senador\/wp-json\/wp\/v2\/posts\/21005\/revisions"}],"predecessor-version":[{"id":21009,"href":"https:\/\/senadorwellingtonfagundes.com.br\/senador\/wp-json\/wp\/v2\/posts\/21005\/revisions\/21009"}],"wp:featuredmedia":[{"embeddable":true,"href":"https:\/\/senadorwellingtonfagundes.com.br\/senador\/wp-json\/wp\/v2\/media\/21008"}],"wp:attachment":[{"href":"https:\/\/senadorwellingtonfagundes.com.br\/senador\/wp-json\/wp\/v2\/media?parent=21005"}],"wp:term":[{"taxonomy":"category","embeddable":true,"href":"https:\/\/senadorwellingtonfagundes.com.br\/senador\/wp-json\/wp\/v2\/categories?post=21005"},{"taxonomy":"post_tag","embeddable":true,"href":"https:\/\/senadorwellingtonfagundes.com.br\/senador\/wp-json\/wp\/v2\/tags?post=21005"}],"curies":[{"name":"wp","href":"https:\/\/api.w.org\/{rel}","templated":true}]}}