{"id":21047,"date":"2025-07-01T15:40:57","date_gmt":"2025-07-01T18:40:57","guid":{"rendered":"https:\/\/senadorwellingtonfagundes.com.br\/senador\/?p=21047"},"modified":"2025-07-01T16:08:28","modified_gmt":"2025-07-01T19:08:28","slug":"observatorio-da-oposicao-24","status":"publish","type":"post","link":"https:\/\/senadorwellingtonfagundes.com.br\/senador\/observatorio-da-oposicao-24\/","title":{"rendered":"Observat\u00f3rio da Oposi\u00e7\u00e3o"},"content":{"rendered":"<p>O Observat\u00f3rio da Oposi\u00e7\u00e3o desta semana traz temas como o aumento do IOF e a rea\u00e7\u00e3o do Congresso \u00e0 manobra do governo, os gastos e v\u00ednculos pol\u00edticos no Programa Cisternas, o uso de recursos p\u00fablicos na Rede Minerva com ind\u00edcios de persegui\u00e7\u00e3o a opositores, o corte de verbas que paralisa ag\u00eancias reguladoras, e os preju\u00edzos acumulados pela estatal Ceitec reativada por Lula. Tamb\u00e9m destaca a fragilidade da defesa nacional diante de cortes e alinhamentos com regimes autorit\u00e1rios.<\/p>\n<p>Leia aqui: <a href=\"https:\/\/senadorwellingtonfagundes.com.br\/senador\/wp-content\/uploads\/2025\/07\/Observato\u0301rio-da-Oposic\u0327a\u0303o-93.pdf\">Observato\u0301rio da Oposic\u0327a\u0303o 93<\/a><\/p>\n","protected":false},"excerpt":{"rendered":"<p>O Observat\u00f3rio da Oposi\u00e7\u00e3o desta semana traz temas como o aumento do IOF e a rea\u00e7\u00e3o do Congresso \u00e0 manobra do governo, os gastos e v\u00ednculos pol\u00edticos no Programa Cisternas, o uso de recursos p\u00fablicos&#8230;<\/p>\n","protected":false},"author":27,"featured_media":21048,"comment_status":"open","ping_status":"open","sticky":false,"template":"","format":"standard","meta":[],"categories":[269],"tags":[],"_links":{"self":[{"href":"https:\/\/senadorwellingtonfagundes.com.br\/senador\/wp-json\/wp\/v2\/posts\/21047"}],"collection":[{"href":"https:\/\/senadorwellingtonfagundes.com.br\/senador\/wp-json\/wp\/v2\/posts"}],"about":[{"href":"https:\/\/senadorwellingtonfagundes.com.br\/senador\/wp-json\/wp\/v2\/types\/post"}],"author":[{"embeddable":true,"href":"https:\/\/senadorwellingtonfagundes.com.br\/senador\/wp-json\/wp\/v2\/users\/27"}],"replies":[{"embeddable":true,"href":"https:\/\/senadorwellingtonfagundes.com.br\/senador\/wp-json\/wp\/v2\/comments?post=21047"}],"version-history":[{"count":1,"href":"https:\/\/senadorwellingtonfagundes.com.br\/senador\/wp-json\/wp\/v2\/posts\/21047\/revisions"}],"predecessor-version":[{"id":21050,"href":"https:\/\/senadorwellingtonfagundes.com.br\/senador\/wp-json\/wp\/v2\/posts\/21047\/revisions\/21050"}],"wp:featuredmedia":[{"embeddable":true,"href":"https:\/\/senadorwellingtonfagundes.com.br\/senador\/wp-json\/wp\/v2\/media\/21048"}],"wp:attachment":[{"href":"https:\/\/senadorwellingtonfagundes.com.br\/senador\/wp-json\/wp\/v2\/media?parent=21047"}],"wp:term":[{"taxonomy":"category","embeddable":true,"href":"https:\/\/senadorwellingtonfagundes.com.br\/senador\/wp-json\/wp\/v2\/categories?post=21047"},{"taxonomy":"post_tag","embeddable":true,"href":"https:\/\/senadorwellingtonfagundes.com.br\/senador\/wp-json\/wp\/v2\/tags?post=21047"}],"curies":[{"name":"wp","href":"https:\/\/api.w.org\/{rel}","templated":true}]}}