{"id":21090,"date":"2025-07-17T10:44:06","date_gmt":"2025-07-17T13:44:06","guid":{"rendered":"https:\/\/senadorwellingtonfagundes.com.br\/senador\/?p=21090"},"modified":"2025-07-17T10:44:06","modified_gmt":"2025-07-17T13:44:06","slug":"pec-aprovada-garante-alivio-imediato-as-prefeituras-diz-wellington-fagundes","status":"publish","type":"post","link":"https:\/\/senadorwellingtonfagundes.com.br\/senador\/pec-aprovada-garante-alivio-imediato-as-prefeituras-diz-wellington-fagundes\/","title":{"rendered":"PEC aprovada garante al\u00edvio imediato \u00e0s prefeituras, diz Wellington Fagundes"},"content":{"rendered":"<p>O Plen\u00e1rio do Senado aprovou em primeiro turno nesta quarta-feira (16), a PEC 66\/2023, uma proposta de emenda \u00e0 Constitui\u00e7\u00e3o que alivia as contas das prefeituras, permitindo que elas invistam mais em \u00e1reas como sa\u00fade, educa\u00e7\u00e3o e infraestrutura. O texto muda regras de pagamento de d\u00edvidas dos munic\u00edpios, como precat\u00f3rios e contribui\u00e7\u00f5es previdenci\u00e1rias, e d\u00e1 mais liberdade no uso do or\u00e7amento p\u00fablico, principalmente para os munic\u00edpios pequenos e m\u00e9dios, que hoje est\u00e3o com as contas no limite*.<\/p>\n<p>Segundo o senador Wellington Fagundes (PL\u2013MT), vice-presidente da Frente Parlamentar Mista Municipalista, essa \u00e9 uma vit\u00f3ria hist\u00f3rica para as cidades brasileiras, especialmente as de Mato Grosso, onde a maioria dos munic\u00edpios enfrenta s\u00e9rias dificuldades fiscais.<br \/>\n\u201cEstamos falando de mais de R$\u202f7 bilh\u00f5es em al\u00edvio fiscal, com recursos que poder\u00e3o ser aplicados diretamente onde realmente importa, melhorando servi\u00e7os b\u00e1sicos\u201d, afirmou Fagundes.<\/p>\n<p>Wellington tamb\u00e9m destacou o trabalho das entidades municipalistas na constru\u00e7\u00e3o e articula\u00e7\u00e3o da proposta ao longo de sua tramita\u00e7\u00e3o no Congresso. Segundo ele, a mobiliza\u00e7\u00e3o de lideran\u00e7as como o presidente da Associa\u00e7\u00e3o Mato-grossense dos Munic\u00edpios (AMM), Leonardo Bortolin; o ex-presidente da AMM, Neurilan Fraga; e o presidente da Confedera\u00e7\u00e3o Nacional dos Munic\u00edpios (CNM), Paulo Ziulkoski, foi fundamental para o avan\u00e7o da mat\u00e9ria. <\/p>\n<p>\u201cEssa conquista \u00e9 fruto de muito di\u00e1logo com os prefeitos e com o movimento municipalista. Leonardo, Neurilan e Ziulkoski foram incans\u00e1veis em Bras\u00edlia. Hoje \u00e9 um dia hist\u00f3rico para quem acredita no fortalecimento dos munic\u00edpios\u201d, refor\u00e7ou.<\/p>\n<p>O texto-base foi aprovado com 62 votos a favor e apenas 4 contr\u00e1rios, o que demonstra o amplo apoio \u00e0 pauta municipalista dentro do Senado.<\/p>\n","protected":false},"excerpt":{"rendered":"<p>O Plen\u00e1rio do Senado aprovou em primeiro turno nesta quarta-feira (16), a PEC 66\/2023, uma proposta de emenda \u00e0 Constitui\u00e7\u00e3o que alivia as contas das prefeituras, permitindo que elas invistam mais em \u00e1reas como sa\u00fade,&#8230;<\/p>\n","protected":false},"author":27,"featured_media":21091,"comment_status":"open","ping_status":"open","sticky":false,"template":"","format":"standard","meta":[],"categories":[269,319],"tags":[],"_links":{"self":[{"href":"https:\/\/senadorwellingtonfagundes.com.br\/senador\/wp-json\/wp\/v2\/posts\/21090"}],"collection":[{"href":"https:\/\/senadorwellingtonfagundes.com.br\/senador\/wp-json\/wp\/v2\/posts"}],"about":[{"href":"https:\/\/senadorwellingtonfagundes.com.br\/senador\/wp-json\/wp\/v2\/types\/post"}],"author":[{"embeddable":true,"href":"https:\/\/senadorwellingtonfagundes.com.br\/senador\/wp-json\/wp\/v2\/users\/27"}],"replies":[{"embeddable":true,"href":"https:\/\/senadorwellingtonfagundes.com.br\/senador\/wp-json\/wp\/v2\/comments?post=21090"}],"version-history":[{"count":1,"href":"https:\/\/senadorwellingtonfagundes.com.br\/senador\/wp-json\/wp\/v2\/posts\/21090\/revisions"}],"predecessor-version":[{"id":21092,"href":"https:\/\/senadorwellingtonfagundes.com.br\/senador\/wp-json\/wp\/v2\/posts\/21090\/revisions\/21092"}],"wp:featuredmedia":[{"embeddable":true,"href":"https:\/\/senadorwellingtonfagundes.com.br\/senador\/wp-json\/wp\/v2\/media\/21091"}],"wp:attachment":[{"href":"https:\/\/senadorwellingtonfagundes.com.br\/senador\/wp-json\/wp\/v2\/media?parent=21090"}],"wp:term":[{"taxonomy":"category","embeddable":true,"href":"https:\/\/senadorwellingtonfagundes.com.br\/senador\/wp-json\/wp\/v2\/categories?post=21090"},{"taxonomy":"post_tag","embeddable":true,"href":"https:\/\/senadorwellingtonfagundes.com.br\/senador\/wp-json\/wp\/v2\/tags?post=21090"}],"curies":[{"name":"wp","href":"https:\/\/api.w.org\/{rel}","templated":true}]}}